{"id":698,"date":"2024-10-20T08:22:10","date_gmt":"2024-10-20T08:22:10","guid":{"rendered":"http:\/\/www.villawenner.it\/blog\/?p=698"},"modified":"2024-10-20T08:22:12","modified_gmt":"2024-10-20T08:22:12","slug":"non-serve-halloween-villa-wenner-il-fascino-misterioso-di-una-dimora-storica","status":"publish","type":"post","link":"https:\/\/www.villawenner.it\/blog\/2024\/10\/20\/non-serve-halloween-villa-wenner-il-fascino-misterioso-di-una-dimora-storica\/","title":{"rendered":"Non serve Halloween a villa Wenner, il fascino misterioso di una dimora storica"},"content":{"rendered":"\n<figure class=\"wp-block-gallery columns-2 is-cropped\"><ul class=\"blocks-gallery-grid\"><li class=\"blocks-gallery-item\"><figure><img loading=\"lazy\" width=\"800\" height=\"503\" src=\"http:\/\/www.villawenner.it\/blog\/wp-content\/uploads\/2016\/11\/VILLA-WENNER-800x503.jpg\" alt=\"\" data-id=\"113\" data-full-url=\"http:\/\/www.villawenner.it\/blog\/wp-content\/uploads\/2016\/11\/VILLA-WENNER.jpg\" data-link=\"http:\/\/www.villawenner.it\/blog\/2016\/11\/17\/111\/villa-wenner\/\" class=\"wp-image-113\" srcset=\"https:\/\/www.villawenner.it\/blog\/wp-content\/uploads\/2016\/11\/VILLA-WENNER.jpg 800w, https:\/\/www.villawenner.it\/blog\/wp-content\/uploads\/2016\/11\/VILLA-WENNER-300x189.jpg 300w\" sizes=\"(max-width: 800px) 100vw, 800px\" \/><figcaption class=\"blocks-gallery-item__caption\">Villa Wenner<\/figcaption><\/figure><\/li><li class=\"blocks-gallery-item\"><figure><img loading=\"lazy\" width=\"1024\" height=\"768\" src=\"http:\/\/www.villawenner.it\/blog\/wp-content\/uploads\/2024\/10\/zucchetta2-1024x768.jpeg\" alt=\"\" data-id=\"700\" data-full-url=\"http:\/\/www.villawenner.it\/blog\/wp-content\/uploads\/2024\/10\/zucchetta2.jpeg\" data-link=\"http:\/\/www.villawenner.it\/blog\/?attachment_id=700\" class=\"wp-image-700\" srcset=\"https:\/\/www.villawenner.it\/blog\/wp-content\/uploads\/2024\/10\/zucchetta2-1024x768.jpeg 1024w, https:\/\/www.villawenner.it\/blog\/wp-content\/uploads\/2024\/10\/zucchetta2-300x225.jpeg 300w, https:\/\/www.villawenner.it\/blog\/wp-content\/uploads\/2024\/10\/zucchetta2-1536x1152.jpeg 1536w, https:\/\/www.villawenner.it\/blog\/wp-content\/uploads\/2024\/10\/zucchetta2-80x60.jpeg 80w, https:\/\/www.villawenner.it\/blog\/wp-content\/uploads\/2024\/10\/zucchetta2.jpeg 1600w\" sizes=\"(max-width: 1024px) 100vw, 1024px\" \/><\/figure><\/li><\/ul><\/figure>\n\n\n\n<div class=\"wp-block-image\"><figure class=\"alignleft size-large is-resized\"><img loading=\"lazy\" src=\"http:\/\/www.villawenner.it\/blog\/wp-content\/uploads\/2024\/10\/Zucchetta1-497x1024.jpeg\" alt=\"\" class=\"wp-image-699\" width=\"72\" height=\"148\" srcset=\"https:\/\/www.villawenner.it\/blog\/wp-content\/uploads\/2024\/10\/Zucchetta1-497x1024.jpeg 497w, https:\/\/www.villawenner.it\/blog\/wp-content\/uploads\/2024\/10\/Zucchetta1-146x300.jpeg 146w, https:\/\/www.villawenner.it\/blog\/wp-content\/uploads\/2024\/10\/Zucchetta1-746x1536.jpeg 746w, https:\/\/www.villawenner.it\/blog\/wp-content\/uploads\/2024\/10\/Zucchetta1-29x60.jpeg 29w, https:\/\/www.villawenner.it\/blog\/wp-content\/uploads\/2024\/10\/Zucchetta1.jpeg 777w\" sizes=\"(max-width: 72px) 100vw, 72px\" \/><\/figure><\/div>\n\n\n\n<p>Non serve Halloween a villa Wenner. <\/p>\n\n\n\n<p>Quando pensiamo a Halloween, immaginiamo zucche illuminate, fantasmi e feste in costume. Ma esiste un luogo in cui il mistero e la storia si intrecciano ogni giorno dell&#8217;anno: la nostra, la vostra villa Wenner. Situata a Capezzano di Pellezzano, in provincia di Salerno a pochi minuti dal rione Fratte, questa dimora storica racconta storie affascinanti e misteriose che non necessitano di alcun trucco per incantare i visitatori.<\/p>\n\n\n\n<p><strong>La Storia di Villa Wenner<\/strong><\/p>\n\n\n\n<p>Costruita nel 1862, villa Wenner \u00e8 un esempio architettonico straordinario di primo Liberty. I suoi inserti in ghisa, i suoi affreschi, i mobili d&#8217;epoca e i giardini curati sono testimoni di un passato ricco di eventi e leggende. Ogni angolo della villa racchiude un frammento di storia, dai segreti delle stanze ai racconti delle persone che vi hanno abitato.<\/p>\n\n\n\n<p><strong>Un Fascino senza Tempo<\/strong><\/p>\n\n\n\n<p>La villa non ha bisogno di costumi per rivelare il suo fascino misterioso. Le sue atmosfere suggestive, le ombre che danzano sui muri e i silenzi che riempiono gli spazi evocano un&#8217;epoca passata, rendendola una meta ideale per chi cerca un&#8217;esperienza unica. Le visite guidate permettono ai nostri ospiti di scoprire non solo la bellezza architettonica, ma anche le storie affascinanti che si celano dietro ogni porta.<\/p>\n\n\n\n<p><strong>Eventi e Esperienze<\/strong><\/p>\n\n\n\n<p>Diventando padroni di casa a villa Wenner, si possono organizzare eventi che vi faranno autenticamente sentire parte della nostra storia e del nostro territorio. La villa \u00e8 il luogo ideale per matrimoni da sogno, comunioni, battesimi e feste di compleanno, offrendo scenari incantevoli. Ogni celebrazione diventa un momento memorabile, immerso nella bellezza storica della dimora.<\/p>\n\n\n\n<p>Inoltre, siamo entusiasti di annunciare che a breve sar\u00e0 disponibile anche la possibilit\u00e0 di soggiornare nella villa come casa vacanze, immersi nella citt\u00e0 delle luci e dei tesori medievali. Un&#8217;opportunit\u00e0 perfetta per esplorare la zona e vivere la storia da un angolo privilegiato.<\/p>\n\n\n\n<p><strong>Concludendo<\/strong><\/p>\n\n\n\n<p>Villa Wenner \u00e8 pi\u00f9 di una semplice dimora storica: \u00e8 un luogo dove il passato e il presente si incontrano, creando un&#8217;atmosfera incantevole e misteriosa. Vi invitiamo a venire a scoprire il suo fascino senza tempo, dove ogni giorno \u00e8 un&#8217;opportunit\u00e0 per esplorare e meravigliarsi.<\/p>\n\n\n\n<p>Non dimenticate di visitare il nostro sito <a href=\"http:\/\/villawenner.it\">villawenner.it<\/a> per ulteriori informazioni sulla locazione per eventi, celebrazioni e tanto altro. Vi aspettiamo per un viaggio nel mistero!<\/p>\n\n\n\n<p>E\u2019 ufficiale quindi. Non serve Halloween a villa Wenner. Qui  il fascino misterioso \u00a0di una dimora storica, viene svelato in ogni momento.<\/p>\n\n\n<ul class=\"wp-block-categories-list wp-block-categories\">\t<li class=\"cat-item cat-item-173\"><a href=\"https:\/\/www.villawenner.it\/blog\/category\/10-affitto-villa-per-eventi\/\">10. Affitto villa per eventi<\/a>\n<\/li>\n\t<li class=\"cat-item cat-item-190\"><a href=\"https:\/\/www.villawenner.it\/blog\/category\/affitto-ville-storiche\/\">Affitto ville storiche<\/a>\n<\/li>\n\t<li class=\"cat-item cat-item-257\"><a href=\"https:\/\/www.villawenner.it\/blog\/category\/dilmora-storica\/\">dilmora storica<\/a>\n<\/li>\n\t<li class=\"cat-item cat-item-256\"><a href=\"https:\/\/www.villawenner.it\/blog\/category\/eventi\/\">eventi<\/a>\n<\/li>\n\t<li class=\"cat-item cat-item-18\"><a href=\"https:\/\/www.villawenner.it\/blog\/category\/eventi-cultura-a-villa-wenner-si-puo\/\" title=\"\r\n\r\nEventi &amp; Cultura in dimora privata, a villa Wenner si pu\u00f2.\r\n\r\nNel periodo precedente la pandemia, \u00e8 accaduto che questo luogo diventasse punto di incontro\u00a0 culturale\u00a0 e fiore all&#039;occhiello del territorio.\r\n\r\nOra si riparte lasciando grande spazio a tutto questo.\r\n\r\nUn autorevole studio della commissione europea Heritage Houses for Europe\u00a0 nel 2019 ha evidenziato nelle dimore storiche private\u00a0 un settore dinamico con benefici sociali, culturali e ambientali.\r\n\r\nOgni anno si investono circa 5 miliardi di euro solo per garantire la loro apertura al pubblico, che nel 2018 ha mosso 52 milioni di visitatori, fatturato 335 miliardi di euro per 9 milioni di posti di lavoro\r\n\r\nDal report emerge chiaramente come le Heritage House forniscano un contributo reale e multidimensionale alla societ\u00e0 europea.\r\n\r\nSi capisce pure che c&#039;\u00e8 un ampio potenziale ancora inesplorato delle dinamiche culturali contemporanee. Vi \u00e8 infatti una scarsa conoscenza degli strumenti esistenti.\r\n\r\n\u00c8 fondamentale che i proprietari delle dimore storiche possano sviluppare la loro progettualit\u00e0 e garantire un futuro a queste strutture.\r\n\r\nNaturalmente devono avere\u00a0 dalla loro sia competenze imprenditoriali che l&#039;appoggio delle istituzioni locali, nazionali\u00a0 ed europee.\r\n\r\nQui, a Pellezzano, le proprietarie di villa Wenner sono da sempre aperte a questo tipo di sensibilit\u00e0, molto consapevoli.\r\n\r\nIniziative di associazioni, presentazioni di libri, collaborazione con le Istituzioni per valorizzare ci\u00f2 che gli Svizzeri e gli insediamenti industriali dei secoli scorsi hanno rappresentato nel territorio. La famiglia Scarpa \u00e8 sempre stata partecipe.\u00a0 Per questo quindi possiamo sicuramente affermare che Eventi &amp; Cultura in dimora privata, a villa Wenner si pu\u00f2.\">Eventi &amp; Cultura<\/a>\n<\/li>\n\t<li class=\"cat-item cat-item-217\"><a href=\"https:\/\/www.villawenner.it\/blog\/category\/eventi-in-dimora\/\">eventi In dimora<\/a>\n<\/li>\n\t<li class=\"cat-item cat-item-203\"><a href=\"https:\/\/www.villawenner.it\/blog\/category\/eventi-in-dimora-storica\/\">eventi in dimora storica<\/a>\n<\/li>\n\t<li class=\"cat-item cat-item-228\"><a href=\"https:\/\/www.villawenner.it\/blog\/category\/fascino-e-atmosfera\/\">fascino e atmosfera<\/a>\n<\/li>\n\t<li class=\"cat-item cat-item-191\"><a href=\"https:\/\/www.villawenner.it\/blog\/category\/fotografia-matrimoni\/\">fotografia matrimoni<\/a>\n<\/li>\n\t<li class=\"cat-item cat-item-1\"><a href=\"https:\/\/www.villawenner.it\/blog\/category\/generici\/\">Generici<\/a>\n<\/li>\n\t<li class=\"cat-item cat-item-192\"><a href=\"https:\/\/www.villawenner.it\/blog\/category\/idee-per-matrimoni\/\">idee per matrimoni<\/a>\n<\/li>\n\t<li class=\"cat-item cat-item-193\"><a href=\"https:\/\/www.villawenner.it\/blog\/category\/ideeper-matrimoni\/\">ideeper matrimoni<\/a>\n<\/li>\n\t<li class=\"cat-item cat-item-104\"><a href=\"https:\/\/www.villawenner.it\/blog\/category\/natale\/\" title=\"\r\n\r\nIl nostro Natale, il vostro, a villa Wenner.\u00a0 Da noi, il periodo pi\u00f9 bello.\r\n\r\nUn Natale da vivere, per mettere in\u00a0 in gioco la propria\u00a0 libert\u00e0, l&#039;amore.\r\n\r\nUn Avvento da vivere a casa, in un posto sentito come casa davvero,\u00a0 con la sua poesia e naturalmente\u00a0 con i suoi giorni di attesa che lo precedono\r\n\r\nPerch\u00e9 la felicit\u00e0 della vita \u00e8 fatta di attesa.\r\n\r\nUna festa\u00a0 con le sue decorazioni, le sue suggestioni.\r\n\r\nMa anche un luogo\u00a0 con il suo calore, quello vero, proprio del Natale.\r\n\r\nUn banchetto con i suoi sapori, le sue dolcezze, i suoi colori.\r\n\r\nUna celebrazione con la sua musica e il suo sentimento.\r\n\r\nUn 25 dicembre coi suoi ricordi, una data con quel po&#039; di tristezza che serve a farci pensare\u00a0 che siamo qui e abbiamo un senso solo se partecipiamo e condividiamo.\r\n\r\nCi saranno poi\u00a0 i suoi regali, con il suo stupore.\r\n\r\nQuando si dice che il Natale \u00e8 la festa dei bambini \u00e8 perch\u00e9 dovremmo stupirci come loro.\r\n\r\nForse \u00e8 banale\u00a0 dire che a Natale dovremmo essere tutti pi\u00f9 buoni, ma forse ognuno di noi ha il diritto di desiderare di diventare migliore, almeno.... s\u00ec, almeno\u00a0 a Natale.\r\n\r\nPerch\u00e9 essere migliori, essere pi\u00f9 buoni\u00a0 vuol dire anche essere pi\u00f9 felici.\r\n\r\nUn&#039;occasione per stare vicino a chi soffre, e forse\u00a0 per comprendere che la gioia dell&#039;altro \u00e8 pure la tua.\r\n\r\nUn Natale in cui il male pu\u00f2 non farci paura.\r\n\r\nUn giorno speciale in cui si possa ripartire, perch\u00e9 ogni giorno vorremmo ricominciare con questa gioia.\r\n\r\nQuesto \u00e8 il nostro augurio\">Il nostro Natale<\/a>\n<\/li>\n\t<li class=\"cat-item cat-item-17\"><a href=\"https:\/\/www.villawenner.it\/blog\/category\/la-storia-il-territorio-e-villa-wenner\/\" title=\"\r\n\r\nLa storia, il territorio e villa Wenner. Parliamo di un\u00a0 attrattore culturale di prestigio della nostra Regione.\r\n\r\nCasa privata, luogo della memoria vissuta per il futuro.\r\n\r\nVilla Wenner \u00e8 stata, infatti, a partire dalla seconda met\u00e0 del XIX secolo, la residenza della famiglia Wenner. Tale dinastia fu la principale promotrice degli insediamenti industriali tessili nella Valle dell\u2019Irno.\r\nDon Alberto Wenner costru\u00ec la dimora nel 1862 sul terreno comunale di Pellezzano, nella localit\u00e0 ancor oggi denominata Villini Svizzeri.\r\n\r\nIn loco sorsero, infatti, altre costruzioni destinate alle famiglie dei cogerenti e degli impiegati delle industrie stesse.\r\nL&#039;architetto Stefano Gasse progett\u00f2 l&#039;insediamento svizzero. Egli era gi\u00e0 celebre a Napoli per aver progettato la facciata di Palazzo S. Giacomo, sede municipale, ed il Boschetto della Villa Reale.\r\nIl Gasse rimase molti mesi a Pellezzano per seguire da vicino i lavori.\u00a0 Volle dare al tutto, anche al parco circostante, uno stile tipicamente neoclassico.\r\nL&#039;architetto Adolfo Mauke realizz\u00f2 su suo specifico progetto Villa Wenner. Pregevoli sono i camini.\u00a0 Molti elementi in ghisa furono realizzati nelle fonderie annesse alle industrie tessili. Si ritrovano in diversi punti. A tal proposito, caratteristico \u00e8 il portico principale della villa. Il ponte d\u2019ingresso al quale si accede dal piazzale alla fine di via delle Filande \u00e8 sulla stessa linea, davvero unico.\r\n\r\nLa villa ha ottenuto nel\u00a01984\u00a0il vincolo del Ministero per i\u00a0Beni Culturali ed Ambientali.\r\nI Wenner rimasero proprietari dell\u2019edificio fino al 1976,\u00a0 anno in cui divent\u00f2 la dimora della famiglia Scarpa. Si tratta s\u00ec di una casa privata. Privata\u00a0 ma gestita con riguardo e apertura verso la condivisione del suo glorioso passato. E questo per volont\u00e0 della famiglia Scarpa.\r\n\r\nSi tratta infatti della pi\u00f9 importante testimonianza del primo distretto industriale europeo.\r\n\r\nEd \u00e8 quindi cos\u00ec che storia, il territorio e villa Wenner si intrecciano in un legame indissolubile.\">La storia<\/a>\n<\/li>\n\t<li class=\"cat-item cat-item-189\"><a href=\"https:\/\/www.villawenner.it\/blog\/category\/location-matrimonio\/\">location matrimonio<\/a>\n<\/li>\n\t<li class=\"cat-item cat-item-247\"><a href=\"https:\/\/www.villawenner.it\/blog\/category\/matrimonio\/\">matrimonio<\/a>\n<\/li>\n\t<li class=\"cat-item cat-item-194\"><a href=\"https:\/\/www.villawenner.it\/blog\/category\/matrimonio-e-celebrazioni\/\">Matrimonio e celebrazioni<\/a>\n<\/li>\n\t<li class=\"cat-item cat-item-16\"><a href=\"https:\/\/www.villawenner.it\/blog\/category\/matrimonio-comunione-festeggiare-a-casa-tua\/\" title=\"\r\n\r\nMatrimonio, Comunione, festeggiare a casa tua, il luogo migliore, il pi\u00f9 cado e sicuro.\r\n\r\nAbbiamo tutti bisogno di riprendere.\r\n\r\nTutti abbiamo bisogno di vivere ancora, di celebrare.\r\n\r\nMa \u00e8 anche un momento in cui tutti abbiamo anche necessit\u00e0 di sentirci sicuri.\r\n\r\nRiprendere a celebrare eventi speciali della nostra vita \u00e8 qualcosa di pi\u00f9 di una festa.\r\n\r\nSi tratta di riprendere il contatto con la possibilit\u00e0 di essere felici, con il senso della nostra vita.\r\n\r\nEppure non possiamo prescindere in questo momento da un&#039;esigenza di sicurezza dell&#039;ambiente in cui ci troviamo, dei contatti che abbiamo.\r\n\r\nEcco perch\u00e9 la locazione breve in una dimora storica come villa Wenner, dove solo occasionalmente si svolgono celebrazioni e momenti privati, scrupolosamente controllati, dai banqueting e catering di turno, \u00e8 una soluzione.\r\n\r\nE poi rimane il fascino di sempre\r\n\r\nParliamo di villa Wenner?\r\n\r\nL\u2019atmosfera creata dagli elementi naturali \u00e8 di grande suggestione sia di giorno che di sera. Gli\u00a0eventi che si svolgono durante il giorno si avvalgono della possibilit\u00e0 di passare del tempo all\u2019aria aperta soprattutto durante la primavera e l\u2019estate. La sera sar\u00e0 caratterizzata da straordinarie suggestioni . Naturalmente L&#039;inverno e le ambientazioni storiche all&#039;interno non sono da meno; anzi, un vero punto di forza.\r\n\r\nE se si \u00e8 a casa propria, tutto \u00e8 secondo le nostre scelte, quello che pi\u00f9 desideriamo. A partire dal sentirci sicuri\r\n\r\nNon per ripeterci ma ... Matrimonio, Comunione, festeggiare a casa tua, il luogo migliore, il pi\u00f9 cado e sicuro.\r\n\r\nE poi, s\u00ec, neanche a dirlo, un luogo \u00e8 di chi lo ama!\">Matrimonio, Comunione, festeggiare a casa tua<\/a>\n<\/li>\n\t<li class=\"cat-item cat-item-237\"><a href=\"https:\/\/www.villawenner.it\/blog\/category\/musica\/\">musica<\/a>\n<\/li>\n\t<li class=\"cat-item cat-item-83\"><a href=\"https:\/\/www.villawenner.it\/blog\/category\/raccontarci-e-sempre-bello-storytelling\/\" title=\"\r\n\r\n\r\n\r\n&nbsp;\r\n\r\nRaccontarci \u00e8 sempre bello, storytelling? Incontrarsi in un luogo speciale. E storytelling sia!\r\n\r\nTutte le persone che hanno scelto e adottato villa Wenner hanno avuto da vivere, da\u00a0 raccontare qualcosa di speciale.\r\n\r\nCi sono stati\u00a0 il pap\u00e0 e la figlia che organizzano il 18esimo di lei,\u00a0 lo sposo che attende la sposa dall&#039;Australia, il battesimo di quella bimba tanto attesa... e tutti con lo sguardo\u00a0 verso questo luogo incantato\r\n\r\nE poi... e poi s\u00ec, c&#039;\u00e8 lei , villa Wenner con la sua storia e il suo fascino.\r\n\r\nMa perch\u00e9 fare uno storytelling?\r\n\r\nOggi il bisogno di raccontarsi e manifestare attraverso immagini, video e racconti pu\u00f2 essere paragonato a quello fondamentale di relazionarsi.\r\n\r\nOltre il dilagante mondo social, al di l\u00e0 dei consensi e dell&#039;affermazione, qualcosa che ci ricordi e ci racconti \u00e8 alla base delle necessit\u00e0 umane.\r\n\r\n&nbsp;\r\n\r\nInfatti lo\u00a0 storytelling \u00e8 un mezzo fondamentale per\u00a0 veicolare valori, idee e concetti utili a una determinata realt\u00e0. La narrazione \u00e8 un concetto vecchio come il mondo, si pu\u00f2 dire che questa sia la prima forma di marketing concepita al mondo.\u00a0 abbiamo sempre tramandato contenuti attraverso l&#039;uso di storie.\r\n\r\nOgnuno di noi, in sintesi, desidera che si crei coinvolgimento, attenzione rispetto a quello che viviamo e suggellare la propria identit\u00e0 anche\u00a0 tramite un racconto, che sia &quot;il racconto&quot;, di s\u00e9 o del momento particolarmente importante che si sta vivendo.\r\n\r\nDi pi\u00f9: soprattutto quando parliamo di momenti lieti e felici della propria vita, vissuti come se si fosse a casa propria, occorre andare anche oltre il bisogno relazionale per toccare le core emotive dell&#039;evento. E s\u00ec, con lo storytelling, si pu\u00f2.\r\n\r\nE allora... Raccontarci \u00e8 sempre bello, storytelling? Incontrarsi in un luogo speciale. E storytelling sia!\">Raccontarci \u00e8 sempre bello, storytelling?<\/a>\n<\/li>\n\t<li class=\"cat-item cat-item-238\"><a href=\"https:\/\/www.villawenner.it\/blog\/category\/salotto-culturale\/\">salotto culturale<\/a>\n<\/li>\n\t<li class=\"cat-item cat-item-103\"><a href=\"https:\/\/www.villawenner.it\/blog\/category\/location-set-fotografici-e-cinematografici\/\" title=\"Location set fotografici e cinematografici.\r\n\r\nStiamo parlando di\u00a0 una dimora storica\u00a0 di eccellenza, prestigiosa.\r\n\r\nCome le dimore storiche della Puglia, ad esempio.\r\n\r\nInfatti, per rispondere alle esigenze\u00a0 di registi, scenografi, direttori di produzione, sono nate agenzie specializzate di location scouting col preciso scopo di trovare luoghi perfettamente adatti nei quali realizzare il loro lavoro.\r\n\r\n&nbsp;\r\n\r\nNon \u00e8 raro che una\u00a0 location contribuisca, in maniera spesso determinante, al successo stesso di una pellicola.\r\n\r\nIn questo diario vogliamo proprio mostrare le potenzialit\u00e0 di villa Wenner anche in questo senso.\r\n\r\nNel 2019 il gruppo Magnolia scelse proprio villa Wenner per girare una puntata di Cake Star.\r\n\r\nSi trattava della gara di pasticceri ormai cult di Real Time che in quell&#039;occasione si svolgeva a Salerno.\r\n\r\nLocation set fotografici e cinematografici dicevamo.\r\n\r\nVilla Wenner pu\u00f2 essere una valida scelta che \u00e8 in grado di risolvere le\u00a0 molte esigenze del mondo della foto e video produzione.\r\n\r\nVogliamo parlare di moda? Secondo Vanity Fair , da una recente ricerca del portale Stylight lo stile Bridgerton sta letteralmente facendo impazzire influencer,\u00a0 \u00a0fashion stylist e fashion victim\r\n\r\nQuale cornice migliore allora di villa Wenner per foto e video di moda?\r\n\r\nUna prestigiosa villa, con spazi funzionali e\u00a0 molte aree\u00a0 disponibili,\u00a0 potr\u00e0 rendere\u00a0 qualunque campagna pubblicitaria un vero successo.\r\n\r\nCi si garantisce\u00a0 la sicura\u00a0 riuscita di un servizio fotografico, che risulter\u00e0 essere eccellente per valorizzaresia abiti, collezioni, modelli,\u00a0 ma anche prodotti.\r\n\r\nContestualizzare, quindi, nel mondo della comunicazione video e fotografica\u00a0 di oggi, sembra essere la parola d&#039;ordine.\r\n\r\nE naturalmente, in una dimora storica, \u00e8 meglio!\">Shooting e locationset<\/a>\n<\/li>\n\t<li class=\"cat-item cat-item-221\"><a href=\"https:\/\/www.villawenner.it\/blog\/category\/sviluppo-del-terrritorio\/\">sviluppo del terrritorio<\/a>\n<\/li>\n\t<li class=\"cat-item cat-item-208\"><a href=\"https:\/\/www.villawenner.it\/blog\/category\/turismo-e-dimore-storiche\/\">turismo e dimore storiche<\/a>\n<\/li>\n\t<li class=\"cat-item cat-item-174\"><a href=\"https:\/\/www.villawenner.it\/blog\/category\/villa-wenner-in-autunno\/\">villa wenner in autunno<\/a>\n<\/li>\n<\/ul>","protected":false},"excerpt":{"rendered":"<p>Non serve Halloween a villa Wenner. Quando pensiamo a Halloween, immaginiamo zucche illuminate, fantasmi e feste in costume. Ma esiste un luogo in cui il mistero e la storia si intrecciano ogni giorno dell&#8217;anno: la nostra, la vostra villa Wenner. Situata a Capezzano di Pellezzano, in provincia di Salerno a pochi minuti dal rione Fratte, &hellip; <\/p>\n","protected":false},"author":9,"featured_media":0,"comment_status":"open","ping_status":"open","sticky":false,"template":"","format":"standard","meta":[],"categories":[1],"tags":[155,153,152,150,154,151,156,148,149],"yoast_head":"<!-- This site is optimized with the Yoast SEO plugin v17.9 - https:\/\/yoast.com\/wordpress\/plugins\/seo\/ -->\n<title>Non serve Halloween a villa Wenner, il fascino misterioso di una dimora storica - Villa Wenner  %<\/title>\n<meta name=\"description\" content=\"Non serve Halloween: villa Wenner, il fascino misterioso di una dimora storica. Vi aspettiamo! Ogni stagione \u00e8 perfetta\" \/>\n<meta name=\"robots\" content=\"index, follow, max-snippet:-1, max-image-preview:large, max-video-preview:-1\" \/>\n<link rel=\"canonical\" href=\"http:\/\/www.villawenner.it\/blog\/2024\/10\/20\/non-serve-halloween-villa-wenner-il-fascino-misterioso-di-una-dimora-storica\/\" \/>\n<meta property=\"og:locale\" content=\"it_IT\" \/>\n<meta property=\"og:type\" content=\"article\" \/>\n<meta property=\"og:title\" content=\"Non serve Halloween a villa Wenner, il fascino misterioso di una dimora storica - Villa Wenner  %\" \/>\n<meta property=\"og:description\" content=\"Non serve Halloween: villa Wenner, il fascino misterioso di una dimora storica. Vi aspettiamo! Ogni stagione \u00e8 perfetta\" \/>\n<meta property=\"og:url\" content=\"http:\/\/www.villawenner.it\/blog\/2024\/10\/20\/non-serve-halloween-villa-wenner-il-fascino-misterioso-di-una-dimora-storica\/\" \/>\n<meta property=\"og:site_name\" content=\"Villa Wenner\" \/>\n<meta property=\"article:published_time\" content=\"2024-10-20T08:22:10+00:00\" \/>\n<meta property=\"article:modified_time\" content=\"2024-10-20T08:22:12+00:00\" \/>\n<meta property=\"og:image\" content=\"http:\/\/www.villawenner.it\/blog\/wp-content\/uploads\/2016\/11\/VILLA-WENNER-800x503.jpg\" \/>\n<meta name=\"twitter:card\" content=\"summary\" \/>\n<meta name=\"twitter:label1\" content=\"Scritto da\" \/>\n\t<meta name=\"twitter:data1\" content=\"Rosa Villa Wenner\" \/>\n\t<meta name=\"twitter:label2\" content=\"Tempo di lettura stimato\" \/>\n\t<meta name=\"twitter:data2\" content=\"3 minuti\" \/>\n<script type=\"application\/ld+json\" class=\"yoast-schema-graph\">{\"@context\":\"https:\/\/schema.org\",\"@graph\":[{\"@type\":\"WebSite\",\"@id\":\"https:\/\/www.villawenner.it\/blog\/#website\",\"url\":\"https:\/\/www.villawenner.it\/blog\/\",\"name\":\"Villa Wenner\",\"description\":\"--- il nostro diario ---\",\"potentialAction\":[{\"@type\":\"SearchAction\",\"target\":{\"@type\":\"EntryPoint\",\"urlTemplate\":\"https:\/\/www.villawenner.it\/blog\/?s={search_term_string}\"},\"query-input\":\"required name=search_term_string\"}],\"inLanguage\":\"it-IT\"},{\"@type\":\"ImageObject\",\"@id\":\"http:\/\/www.villawenner.it\/blog\/2024\/10\/20\/non-serve-halloween-villa-wenner-il-fascino-misterioso-di-una-dimora-storica\/#primaryimage\",\"inLanguage\":\"it-IT\",\"url\":\"http:\/\/www.villawenner.it\/blog\/wp-content\/uploads\/2016\/11\/VILLA-WENNER-800x503.jpg\",\"contentUrl\":\"http:\/\/www.villawenner.it\/blog\/wp-content\/uploads\/2016\/11\/VILLA-WENNER-800x503.jpg\"},{\"@type\":\"WebPage\",\"@id\":\"http:\/\/www.villawenner.it\/blog\/2024\/10\/20\/non-serve-halloween-villa-wenner-il-fascino-misterioso-di-una-dimora-storica\/#webpage\",\"url\":\"http:\/\/www.villawenner.it\/blog\/2024\/10\/20\/non-serve-halloween-villa-wenner-il-fascino-misterioso-di-una-dimora-storica\/\",\"name\":\"Non serve Halloween a villa Wenner, il fascino misterioso di una dimora storica - Villa Wenner %\",\"isPartOf\":{\"@id\":\"https:\/\/www.villawenner.it\/blog\/#website\"},\"primaryImageOfPage\":{\"@id\":\"http:\/\/www.villawenner.it\/blog\/2024\/10\/20\/non-serve-halloween-villa-wenner-il-fascino-misterioso-di-una-dimora-storica\/#primaryimage\"},\"datePublished\":\"2024-10-20T08:22:10+00:00\",\"dateModified\":\"2024-10-20T08:22:12+00:00\",\"author\":{\"@id\":\"https:\/\/www.villawenner.it\/blog\/#\/schema\/person\/64ced359b256ff7357b858d6b0f7c151\"},\"description\":\"Non serve Halloween: villa Wenner, il fascino misterioso di una dimora storica. Vi aspettiamo! Ogni stagione \\u00e8 perfetta\",\"breadcrumb\":{\"@id\":\"http:\/\/www.villawenner.it\/blog\/2024\/10\/20\/non-serve-halloween-villa-wenner-il-fascino-misterioso-di-una-dimora-storica\/#breadcrumb\"},\"inLanguage\":\"it-IT\",\"potentialAction\":[{\"@type\":\"ReadAction\",\"target\":[\"http:\/\/www.villawenner.it\/blog\/2024\/10\/20\/non-serve-halloween-villa-wenner-il-fascino-misterioso-di-una-dimora-storica\/\"]}]},{\"@type\":\"BreadcrumbList\",\"@id\":\"http:\/\/www.villawenner.it\/blog\/2024\/10\/20\/non-serve-halloween-villa-wenner-il-fascino-misterioso-di-una-dimora-storica\/#breadcrumb\",\"itemListElement\":[{\"@type\":\"ListItem\",\"position\":1,\"name\":\"Home\",\"item\":\"https:\/\/www.villawenner.it\/blog\/\"},{\"@type\":\"ListItem\",\"position\":2,\"name\":\"Non serve Halloween a villa Wenner, il fascino misterioso di una dimora storica\"}]},{\"@type\":\"Person\",\"@id\":\"https:\/\/www.villawenner.it\/blog\/#\/schema\/person\/64ced359b256ff7357b858d6b0f7c151\",\"name\":\"Rosa Villa Wenner\",\"image\":{\"@type\":\"ImageObject\",\"@id\":\"https:\/\/www.villawenner.it\/blog\/#personlogo\",\"inLanguage\":\"it-IT\",\"url\":\"https:\/\/secure.gravatar.com\/avatar\/2554bced5bb7ffc59092bbf433009ee1?s=96&d=mm&r=g\",\"contentUrl\":\"https:\/\/secure.gravatar.com\/avatar\/2554bced5bb7ffc59092bbf433009ee1?s=96&d=mm&r=g\",\"caption\":\"Rosa Villa Wenner\"},\"url\":\"https:\/\/www.villawenner.it\/blog\/author\/rosa-il-diario-di-villa-wenner\/\"}]}<\/script>\n<!-- \/ Yoast SEO plugin. -->","yoast_head_json":{"title":"Non serve Halloween a villa Wenner, il fascino misterioso di una dimora storica - Villa Wenner  %","description":"Non serve Halloween: villa Wenner, il fascino misterioso di una dimora storica. Vi aspettiamo! Ogni stagione \u00e8 perfetta","robots":{"index":"index","follow":"follow","max-snippet":"max-snippet:-1","max-image-preview":"max-image-preview:large","max-video-preview":"max-video-preview:-1"},"canonical":"http:\/\/www.villawenner.it\/blog\/2024\/10\/20\/non-serve-halloween-villa-wenner-il-fascino-misterioso-di-una-dimora-storica\/","og_locale":"it_IT","og_type":"article","og_title":"Non serve Halloween a villa Wenner, il fascino misterioso di una dimora storica - Villa Wenner  %","og_description":"Non serve Halloween: villa Wenner, il fascino misterioso di una dimora storica. Vi aspettiamo! Ogni stagione \u00e8 perfetta","og_url":"http:\/\/www.villawenner.it\/blog\/2024\/10\/20\/non-serve-halloween-villa-wenner-il-fascino-misterioso-di-una-dimora-storica\/","og_site_name":"Villa Wenner","article_published_time":"2024-10-20T08:22:10+00:00","article_modified_time":"2024-10-20T08:22:12+00:00","og_image":[{"url":"http:\/\/www.villawenner.it\/blog\/wp-content\/uploads\/2016\/11\/VILLA-WENNER-800x503.jpg"}],"twitter_card":"summary","twitter_misc":{"Scritto da":"Rosa Villa Wenner","Tempo di lettura stimato":"3 minuti"},"schema":{"@context":"https:\/\/schema.org","@graph":[{"@type":"WebSite","@id":"https:\/\/www.villawenner.it\/blog\/#website","url":"https:\/\/www.villawenner.it\/blog\/","name":"Villa Wenner","description":"--- il nostro diario ---","potentialAction":[{"@type":"SearchAction","target":{"@type":"EntryPoint","urlTemplate":"https:\/\/www.villawenner.it\/blog\/?s={search_term_string}"},"query-input":"required name=search_term_string"}],"inLanguage":"it-IT"},{"@type":"ImageObject","@id":"http:\/\/www.villawenner.it\/blog\/2024\/10\/20\/non-serve-halloween-villa-wenner-il-fascino-misterioso-di-una-dimora-storica\/#primaryimage","inLanguage":"it-IT","url":"http:\/\/www.villawenner.it\/blog\/wp-content\/uploads\/2016\/11\/VILLA-WENNER-800x503.jpg","contentUrl":"http:\/\/www.villawenner.it\/blog\/wp-content\/uploads\/2016\/11\/VILLA-WENNER-800x503.jpg"},{"@type":"WebPage","@id":"http:\/\/www.villawenner.it\/blog\/2024\/10\/20\/non-serve-halloween-villa-wenner-il-fascino-misterioso-di-una-dimora-storica\/#webpage","url":"http:\/\/www.villawenner.it\/blog\/2024\/10\/20\/non-serve-halloween-villa-wenner-il-fascino-misterioso-di-una-dimora-storica\/","name":"Non serve Halloween a villa Wenner, il fascino misterioso di una dimora storica - Villa Wenner %","isPartOf":{"@id":"https:\/\/www.villawenner.it\/blog\/#website"},"primaryImageOfPage":{"@id":"http:\/\/www.villawenner.it\/blog\/2024\/10\/20\/non-serve-halloween-villa-wenner-il-fascino-misterioso-di-una-dimora-storica\/#primaryimage"},"datePublished":"2024-10-20T08:22:10+00:00","dateModified":"2024-10-20T08:22:12+00:00","author":{"@id":"https:\/\/www.villawenner.it\/blog\/#\/schema\/person\/64ced359b256ff7357b858d6b0f7c151"},"description":"Non serve Halloween: villa Wenner, il fascino misterioso di una dimora storica. Vi aspettiamo! Ogni stagione \u00e8 perfetta","breadcrumb":{"@id":"http:\/\/www.villawenner.it\/blog\/2024\/10\/20\/non-serve-halloween-villa-wenner-il-fascino-misterioso-di-una-dimora-storica\/#breadcrumb"},"inLanguage":"it-IT","potentialAction":[{"@type":"ReadAction","target":["http:\/\/www.villawenner.it\/blog\/2024\/10\/20\/non-serve-halloween-villa-wenner-il-fascino-misterioso-di-una-dimora-storica\/"]}]},{"@type":"BreadcrumbList","@id":"http:\/\/www.villawenner.it\/blog\/2024\/10\/20\/non-serve-halloween-villa-wenner-il-fascino-misterioso-di-una-dimora-storica\/#breadcrumb","itemListElement":[{"@type":"ListItem","position":1,"name":"Home","item":"https:\/\/www.villawenner.it\/blog\/"},{"@type":"ListItem","position":2,"name":"Non serve Halloween a villa Wenner, il fascino misterioso di una dimora storica"}]},{"@type":"Person","@id":"https:\/\/www.villawenner.it\/blog\/#\/schema\/person\/64ced359b256ff7357b858d6b0f7c151","name":"Rosa Villa Wenner","image":{"@type":"ImageObject","@id":"https:\/\/www.villawenner.it\/blog\/#personlogo","inLanguage":"it-IT","url":"https:\/\/secure.gravatar.com\/avatar\/2554bced5bb7ffc59092bbf433009ee1?s=96&d=mm&r=g","contentUrl":"https:\/\/secure.gravatar.com\/avatar\/2554bced5bb7ffc59092bbf433009ee1?s=96&d=mm&r=g","caption":"Rosa Villa Wenner"},"url":"https:\/\/www.villawenner.it\/blog\/author\/rosa-il-diario-di-villa-wenner\/"}]}},"_links":{"self":[{"href":"https:\/\/www.villawenner.it\/blog\/wp-json\/wp\/v2\/posts\/698"}],"collection":[{"href":"https:\/\/www.villawenner.it\/blog\/wp-json\/wp\/v2\/posts"}],"about":[{"href":"https:\/\/www.villawenner.it\/blog\/wp-json\/wp\/v2\/types\/post"}],"author":[{"embeddable":true,"href":"https:\/\/www.villawenner.it\/blog\/wp-json\/wp\/v2\/users\/9"}],"replies":[{"embeddable":true,"href":"https:\/\/www.villawenner.it\/blog\/wp-json\/wp\/v2\/comments?post=698"}],"version-history":[{"count":1,"href":"https:\/\/www.villawenner.it\/blog\/wp-json\/wp\/v2\/posts\/698\/revisions"}],"predecessor-version":[{"id":701,"href":"https:\/\/www.villawenner.it\/blog\/wp-json\/wp\/v2\/posts\/698\/revisions\/701"}],"wp:attachment":[{"href":"https:\/\/www.villawenner.it\/blog\/wp-json\/wp\/v2\/media?parent=698"}],"wp:term":[{"taxonomy":"category","embeddable":true,"href":"https:\/\/www.villawenner.it\/blog\/wp-json\/wp\/v2\/categories?post=698"},{"taxonomy":"post_tag","embeddable":true,"href":"https:\/\/www.villawenner.it\/blog\/wp-json\/wp\/v2\/tags?post=698"}],"curies":[{"name":"wp","href":"https:\/\/api.w.org\/{rel}","templated":true}]}}